{"id":924,"date":"2024-05-28T22:31:06","date_gmt":"2024-05-28T20:31:06","guid":{"rendered":"http:\/\/samariter-schwarzenburg.ch\/word\/?p=924"},"modified":"2024-05-28T22:35:12","modified_gmt":"2024-05-28T20:35:12","slug":"tag-der-guten-tat-2024","status":"publish","type":"post","link":"https:\/\/samariter-schwarzenburg.ch\/word\/?p=924","title":{"rendered":"Tag der guten Tat 2024"},"content":{"rendered":"\n<div class=\"wp-block-columns is-layout-flex wp-container-core-columns-is-layout-9d6595d7 wp-block-columns-is-layout-flex\">\n<div class=\"wp-block-column is-layout-flow wp-block-column-is-layout-flow\" style=\"flex-basis:33.33%\">\n<figure class=\"wp-block-gallery has-nested-images columns-default is-cropped wp-block-gallery-1 is-layout-flex wp-block-gallery-is-layout-flex\">\n<figure class=\"wp-block-image size-large\"><img loading=\"lazy\" decoding=\"async\" width=\"1024\" height=\"768\" data-id=\"927\" src=\"http:\/\/samariter-schwarzenburg.ch\/word\/wp-content\/uploads\/2024\/05\/20240525_141713-1024x768.jpg\" alt=\"\" class=\"wp-image-927\" srcset=\"https:\/\/samariter-schwarzenburg.ch\/word\/wp-content\/uploads\/2024\/05\/20240525_141713-1024x768.jpg 1024w, https:\/\/samariter-schwarzenburg.ch\/word\/wp-content\/uploads\/2024\/05\/20240525_141713-300x225.jpg 300w, https:\/\/samariter-schwarzenburg.ch\/word\/wp-content\/uploads\/2024\/05\/20240525_141713-768x576.jpg 768w, https:\/\/samariter-schwarzenburg.ch\/word\/wp-content\/uploads\/2024\/05\/20240525_141713-1536x1152.jpg 1536w, https:\/\/samariter-schwarzenburg.ch\/word\/wp-content\/uploads\/2024\/05\/20240525_141713-2048x1536.jpg 2048w, https:\/\/samariter-schwarzenburg.ch\/word\/wp-content\/uploads\/2024\/05\/20240525_141713-360x270.jpg 360w\" sizes=\"auto, (max-width: 1024px) 100vw, 1024px\" \/><\/figure>\n<\/figure>\n<\/div>\n\n\n\n<div class=\"wp-block-column is-layout-flow wp-block-column-is-layout-flow\" style=\"flex-basis:66.66%\">\n<p id=\"block-f122639f-83b6-440a-a3b7-2ca5a0b72acc\">Am Samstag, den 25. Mai 2024, pr\u00e4sentierte sich der Samariter Schwarzenburg im Coop Center Schwarzenburg. Interessierte konnten sich von den Mitgliedern des Samaritervereins \u00fcber die Standorte aller zug\u00e4nglichen AED-Ger\u00e4te (Automatische Externe Defibrillatoren) in Schwarzenburg informieren, die auf einer Karte veranschaulicht wurden.<\/p>\n<\/div>\n<\/div>\n\n\n\n<div class=\"wp-block-columns is-layout-flex wp-container-core-columns-is-layout-9d6595d7 wp-block-columns-is-layout-flex\">\n<div class=\"wp-block-column is-layout-flow wp-block-column-is-layout-flow\" style=\"flex-basis:66.66%\">\n<p>Zudem wurde ein AED-Ger\u00e4t vorgef\u00fchrt und die Anwendung direkt an einem \u00dcbungsphantom demonstriert. Ein wichtiger Aspekt war die Sensibilisierung der Bev\u00f6lkerung f\u00fcr die Bedeutung von Erste-Hilfe-Kenntnissen, die in unserem vielseitigen Kursprogramm erlernt und trainiert werden k\u00f6nnen. <\/p>\n<\/div>\n\n\n\n<div class=\"wp-block-column is-layout-flow wp-block-column-is-layout-flow\" style=\"flex-basis:33.33%\">\n<figure class=\"wp-block-image size-large\"><img loading=\"lazy\" decoding=\"async\" width=\"1024\" height=\"768\" src=\"http:\/\/samariter-schwarzenburg.ch\/word\/wp-content\/uploads\/2024\/05\/20240525_140011-1024x768.jpg\" alt=\"\" class=\"wp-image-925\" srcset=\"https:\/\/samariter-schwarzenburg.ch\/word\/wp-content\/uploads\/2024\/05\/20240525_140011-1024x768.jpg 1024w, https:\/\/samariter-schwarzenburg.ch\/word\/wp-content\/uploads\/2024\/05\/20240525_140011-300x225.jpg 300w, https:\/\/samariter-schwarzenburg.ch\/word\/wp-content\/uploads\/2024\/05\/20240525_140011-768x576.jpg 768w, https:\/\/samariter-schwarzenburg.ch\/word\/wp-content\/uploads\/2024\/05\/20240525_140011-1536x1152.jpg 1536w, https:\/\/samariter-schwarzenburg.ch\/word\/wp-content\/uploads\/2024\/05\/20240525_140011-2048x1536.jpg 2048w, https:\/\/samariter-schwarzenburg.ch\/word\/wp-content\/uploads\/2024\/05\/20240525_140011-360x270.jpg 360w\" sizes=\"auto, (max-width: 1024px) 100vw, 1024px\" \/><\/figure>\n<\/div>\n<\/div>\n\n\n\n<div class=\"wp-block-columns is-layout-flex wp-container-core-columns-is-layout-9d6595d7 wp-block-columns-is-layout-flex\">\n<div class=\"wp-block-column is-layout-flow wp-block-column-is-layout-flow\" style=\"flex-basis:33.33%\">\n<figure class=\"wp-block-image size-large\"><img loading=\"lazy\" decoding=\"async\" width=\"1024\" height=\"768\" src=\"http:\/\/samariter-schwarzenburg.ch\/word\/wp-content\/uploads\/2024\/05\/20240525_122130-1024x768.jpg\" alt=\"\" class=\"wp-image-926\" srcset=\"https:\/\/samariter-schwarzenburg.ch\/word\/wp-content\/uploads\/2024\/05\/20240525_122130-1024x768.jpg 1024w, https:\/\/samariter-schwarzenburg.ch\/word\/wp-content\/uploads\/2024\/05\/20240525_122130-300x225.jpg 300w, https:\/\/samariter-schwarzenburg.ch\/word\/wp-content\/uploads\/2024\/05\/20240525_122130-768x576.jpg 768w, https:\/\/samariter-schwarzenburg.ch\/word\/wp-content\/uploads\/2024\/05\/20240525_122130-1536x1152.jpg 1536w, https:\/\/samariter-schwarzenburg.ch\/word\/wp-content\/uploads\/2024\/05\/20240525_122130-2048x1536.jpg 2048w, https:\/\/samariter-schwarzenburg.ch\/word\/wp-content\/uploads\/2024\/05\/20240525_122130-360x270.jpg 360w\" sizes=\"auto, (max-width: 1024px) 100vw, 1024px\" \/><\/figure>\n<\/div>\n\n\n\n<div class=\"wp-block-column is-layout-flow wp-block-column-is-layout-flow\" style=\"flex-basis:66.66%\">\n<p>F\u00fcr besonders Aufmerksame gab es zudem einen Wettbewerb. Viele informative und anregende Gespr\u00e4che fanden zwischen der Bev\u00f6lkerung und den Samaritern statt. Ein herzlicher Dank geht an das Coop Schwarzenburg f\u00fcr die M\u00f6glichkeit, sich vor Ort zu pr\u00e4sentieren.<\/p>\n<\/div>\n<\/div>\n","protected":false},"excerpt":{"rendered":"<p>Am Samstag, den 25. Mai 2024, pr\u00e4sentierte sich der Samariter Schwarzenburg im Coop Center Schwarzenburg. Interessierte konnten sich von den Mitgliedern des Samaritervereins \u00fcber die Standorte aller zug\u00e4nglichen AED-Ger\u00e4te (Automatische Externe Defibrillatoren) in Schwarzenburg informieren, die auf einer Karte veranschaulicht&hellip;&nbsp;<a href=\"https:\/\/samariter-schwarzenburg.ch\/word\/?p=924\" class=\"more-link\">Weiter lesen<\/a><\/p>\n","protected":false},"author":1,"featured_media":0,"comment_status":"closed","ping_status":"open","sticky":false,"template":"","format":"standard","meta":{"footnotes":""},"categories":[11,5,29],"tags":[28,6,38,33],"class_list":["post-924","post","type-post","status-publish","format-standard","hentry","category-aktivitaet","category-news","category-samariter-schwarzenburg","tag-mitglieder","tag-samariter-schwarzenburg","tag-termine-2024","tag-werde-lebensretterin"],"_links":{"self":[{"href":"https:\/\/samariter-schwarzenburg.ch\/word\/index.php?rest_route=\/wp\/v2\/posts\/924","targetHints":{"allow":["GET"]}}],"collection":[{"href":"https:\/\/samariter-schwarzenburg.ch\/word\/index.php?rest_route=\/wp\/v2\/posts"}],"about":[{"href":"https:\/\/samariter-schwarzenburg.ch\/word\/index.php?rest_route=\/wp\/v2\/types\/post"}],"author":[{"embeddable":true,"href":"https:\/\/samariter-schwarzenburg.ch\/word\/index.php?rest_route=\/wp\/v2\/users\/1"}],"replies":[{"embeddable":true,"href":"https:\/\/samariter-schwarzenburg.ch\/word\/index.php?rest_route=%2Fwp%2Fv2%2Fcomments&post=924"}],"version-history":[{"count":2,"href":"https:\/\/samariter-schwarzenburg.ch\/word\/index.php?rest_route=\/wp\/v2\/posts\/924\/revisions"}],"predecessor-version":[{"id":930,"href":"https:\/\/samariter-schwarzenburg.ch\/word\/index.php?rest_route=\/wp\/v2\/posts\/924\/revisions\/930"}],"wp:attachment":[{"href":"https:\/\/samariter-schwarzenburg.ch\/word\/index.php?rest_route=%2Fwp%2Fv2%2Fmedia&parent=924"}],"wp:term":[{"taxonomy":"category","embeddable":true,"href":"https:\/\/samariter-schwarzenburg.ch\/word\/index.php?rest_route=%2Fwp%2Fv2%2Fcategories&post=924"},{"taxonomy":"post_tag","embeddable":true,"href":"https:\/\/samariter-schwarzenburg.ch\/word\/index.php?rest_route=%2Fwp%2Fv2%2Ftags&post=924"}],"curies":[{"name":"wp","href":"https:\/\/api.w.org\/{rel}","templated":true}]}}