{"id":877,"date":"2024-01-20T15:23:25","date_gmt":"2024-01-20T14:23:25","guid":{"rendered":"http:\/\/samariter-schwarzenburg.ch\/word\/?p=877"},"modified":"2024-03-21T21:47:06","modified_gmt":"2024-03-21T20:47:06","slug":"kursprogramm-2024-veroeffentlicht","status":"publish","type":"post","link":"http:\/\/samariter-schwarzenburg.ch\/word\/?p=877","title":{"rendered":"Kursprogramm 2024 ver\u00f6ffentlicht!"},"content":{"rendered":"\n<div class=\"wp-block-columns is-layout-flex wp-container-core-columns-is-layout-9d6595d7 wp-block-columns-is-layout-flex\">\n<div class=\"wp-block-column is-layout-flow wp-block-column-is-layout-flow\" style=\"flex-basis:33.33%\">\n<figure class=\"wp-block-image size-large\"><img loading=\"lazy\" decoding=\"async\" width=\"1024\" height=\"768\" src=\"http:\/\/samariter-schwarzenburg.ch\/word\/wp-content\/uploads\/2023\/06\/20191106_203501-1024x768.jpg\" alt=\"\" class=\"wp-image-504\" srcset=\"http:\/\/samariter-schwarzenburg.ch\/word\/wp-content\/uploads\/2023\/06\/20191106_203501-1024x768.jpg 1024w, http:\/\/samariter-schwarzenburg.ch\/word\/wp-content\/uploads\/2023\/06\/20191106_203501-300x225.jpg 300w, http:\/\/samariter-schwarzenburg.ch\/word\/wp-content\/uploads\/2023\/06\/20191106_203501-768x576.jpg 768w, http:\/\/samariter-schwarzenburg.ch\/word\/wp-content\/uploads\/2023\/06\/20191106_203501-1536x1152.jpg 1536w, http:\/\/samariter-schwarzenburg.ch\/word\/wp-content\/uploads\/2023\/06\/20191106_203501-2048x1536.jpg 2048w, http:\/\/samariter-schwarzenburg.ch\/word\/wp-content\/uploads\/2023\/06\/20191106_203501-360x270.jpg 360w\" sizes=\"auto, (max-width: 1024px) 100vw, 1024px\" \/><\/figure>\n<\/div>\n\n\n\n<div class=\"wp-block-column is-layout-flow wp-block-column-is-layout-flow\" style=\"flex-basis:66.66%\">\n<p>Entdecken Sie eine Vielfalt an Erste Hilfe Kursen, darunter Nothelfer, BLS-AED-SRC Komplett, First Aid Stufe 2 IVR, Notf\u00e4lle bei Kleinkinder und weitere. Wir laden Sie herzlich ein, an einem unserer Kurse anzumelden. Ihr Kursleiterteam vom Samariter Schwarzenburg.<\/p>\n<\/div>\n<\/div>\n\n\n\n<div data-wp-interactive=\"core\/file\" class=\"wp-block-file\"><object data-wp-bind--hidden=\"!state.hasPdfPreview\" hidden class=\"wp-block-file__embed\" data=\"http:\/\/samariter-schwarzenburg.ch\/word\/wp-content\/uploads\/2024\/03\/Samariter-Schwarzenburg-Jahres-Kursprogramm_2024.pdf\" type=\"application\/pdf\" style=\"width:100%;height:600px\" aria-label=\"Einbettung von Samariter-Schwarzenburg-Jahres-Kursprogramm_2024.\"><\/object><a id=\"wp-block-file--media-46b67af9-cfb7-4d87-88cc-66bb8c0d8d88\" href=\"http:\/\/samariter-schwarzenburg.ch\/word\/wp-content\/uploads\/2024\/03\/Samariter-Schwarzenburg-Jahres-Kursprogramm_2024.pdf\">Samariter-Schwarzenburg-Jahres-Kursprogramm_2024<\/a><a href=\"http:\/\/samariter-schwarzenburg.ch\/word\/wp-content\/uploads\/2024\/03\/Samariter-Schwarzenburg-Jahres-Kursprogramm_2024.pdf\" class=\"wp-block-file__button wp-element-button\" download aria-describedby=\"wp-block-file--media-46b67af9-cfb7-4d87-88cc-66bb8c0d8d88\">Herunterladen<\/a><\/div>\n\n\n\n<div class=\"wp-block-columns has-white-color has-vivid-cyan-blue-background-color has-text-color has-background is-layout-flex wp-container-core-columns-is-layout-9d6595d7 wp-block-columns-is-layout-flex\">\n<div class=\"wp-block-column is-layout-flow wp-block-column-is-layout-flow\" style=\"flex-basis:66.66%\">\n<p class=\"has-text-align-left\">Eine \u00dcbersicht \u00fcber alle verf\u00fcgbaren Bev\u00f6lkerungskurse des Samariter Schwarzenburg sowie die M\u00f6glichkeit zur Anmeldung finden Sie auf folgender Seite:<\/p>\n<\/div>\n\n\n\n<div class=\"wp-block-column is-vertically-aligned-center is-layout-flow wp-block-column-is-layout-flow\" style=\"flex-basis:33.33%\">\n<div class=\"wp-block-buttons is-content-justification-center is-layout-flex wp-container-core-buttons-is-layout-16018d1d wp-block-buttons-is-layout-flex\">\n<div class=\"wp-block-button has-custom-width wp-block-button__width-75 has-custom-font-size has-small-font-size\"><a class=\"wp-block-button__link has-text-align-center wp-element-button\" href=\"http:\/\/samariter-schwarzenburg.ch\/word\/?page_id=60\" style=\"border-radius:0px\">Kursanmeldung<\/a><\/div>\n<\/div>\n<\/div>\n<\/div>\n","protected":false},"excerpt":{"rendered":"<p>Entdecken Sie eine Vielfalt an Erste Hilfe Kursen, darunter Nothelfer, BLS-AED-SRC Komplett, First Aid Stufe 2 IVR, Notf\u00e4lle bei Kleinkinder und weitere. Wir laden Sie herzlich ein, an einem unserer Kurse anzumelden. Ihr Kursleiterteam vom Samariter Schwarzenburg.<\/p>\n","protected":false},"author":1,"featured_media":0,"comment_status":"closed","ping_status":"open","sticky":false,"template":"","format":"standard","meta":{"footnotes":""},"categories":[11,1,12,5,29],"tags":[41,39,40,42,20,6,38],"class_list":["post-877","post","type-post","status-publish","format-standard","hentry","category-aktivitaet","category-allgemein","category-kurse","category-news","category-samariter-schwarzenburg","tag-bls-aed-src-komplett","tag-first-aid-stufe-1","tag-first-aid-stufe-2","tag-notfaelle-bei-kleinkinder","tag-nothilfekurs","tag-samariter-schwarzenburg","tag-termine-2024"],"_links":{"self":[{"href":"http:\/\/samariter-schwarzenburg.ch\/word\/index.php?rest_route=\/wp\/v2\/posts\/877","targetHints":{"allow":["GET"]}}],"collection":[{"href":"http:\/\/samariter-schwarzenburg.ch\/word\/index.php?rest_route=\/wp\/v2\/posts"}],"about":[{"href":"http:\/\/samariter-schwarzenburg.ch\/word\/index.php?rest_route=\/wp\/v2\/types\/post"}],"author":[{"embeddable":true,"href":"http:\/\/samariter-schwarzenburg.ch\/word\/index.php?rest_route=\/wp\/v2\/users\/1"}],"replies":[{"embeddable":true,"href":"http:\/\/samariter-schwarzenburg.ch\/word\/index.php?rest_route=%2Fwp%2Fv2%2Fcomments&post=877"}],"version-history":[{"count":6,"href":"http:\/\/samariter-schwarzenburg.ch\/word\/index.php?rest_route=\/wp\/v2\/posts\/877\/revisions"}],"predecessor-version":[{"id":915,"href":"http:\/\/samariter-schwarzenburg.ch\/word\/index.php?rest_route=\/wp\/v2\/posts\/877\/revisions\/915"}],"wp:attachment":[{"href":"http:\/\/samariter-schwarzenburg.ch\/word\/index.php?rest_route=%2Fwp%2Fv2%2Fmedia&parent=877"}],"wp:term":[{"taxonomy":"category","embeddable":true,"href":"http:\/\/samariter-schwarzenburg.ch\/word\/index.php?rest_route=%2Fwp%2Fv2%2Fcategories&post=877"},{"taxonomy":"post_tag","embeddable":true,"href":"http:\/\/samariter-schwarzenburg.ch\/word\/index.php?rest_route=%2Fwp%2Fv2%2Ftags&post=877"}],"curies":[{"name":"wp","href":"https:\/\/api.w.org\/{rel}","templated":true}]}}